{"id":1123,"__str__":"Of\u00edcio - Resposta de 27/02/2020 por N\u00facleo Regional de Educa\u00e7\u00e3o","link_detail_backend":"/materia/documentoacessorio/1123","metadata":{},"nome":"Resposta","data":"2020-02-27","autor":"N\u00facleo Regional de Educa\u00e7\u00e3o","ementa":"","indexacao":"","arquivo":"http://sapl.castro.pr.leg.br/media/sapl/public/documentoacessorio/2020/1123/of.090-2020_resp_ver_herculano_req._07-2020.pdf","data_ultima_atualizacao":"2020-02-27T16:04:48.251740-03:00","materia":3518,"tipo":4}