{"id":431,"__str__":"Parecer - CFO de 17/07/2019 por Comiss\u00e3o de Finan\u00e7as e Or\u00e7amento","link_detail_backend":"/materia/documentoacessorio/431","metadata":{},"nome":"CFO","data":"2019-07-17","autor":"Comiss\u00e3o de Finan\u00e7as e Or\u00e7amento","ementa":"solicita informa\u00e7\u00f5es","indexacao":"","arquivo":"http://sapl.castro.pr.leg.br/media/sapl/public/documentoacessorio/2019/431/parecer_cfo_pl_64-2019.pdf","data_ultima_atualizacao":"2019-08-15T17:12:07.015543-03:00","materia":3080,"tipo":1}