{"id":476,"__str__":"Parecer - CFO de 26/08/2019 por Comiss\u00e3o de Finan\u00e7as e Or\u00e7amento","link_detail_backend":"/materia/documentoacessorio/476","metadata":{},"nome":"CFO","data":"2019-08-26","autor":"Comiss\u00e3o de Finan\u00e7as e Or\u00e7amento","ementa":"","indexacao":"","arquivo":"http://sapl.castro.pr.leg.br/media/sapl/public/documentoacessorio/2019/476/parecer_cfo_pl_63-2019.pdf","data_ultima_atualizacao":"2019-08-27T14:08:57.167311-03:00","materia":3077,"tipo":1}