{"id":6280,"__str__":"Of\u00edcio - Resposta de 05/07/2021 por Sec Mun de Obras, Servi\u00e7os P\u00fablicos e Meio Ambiente","link_detail_backend":"/materia/documentoacessorio/6280","metadata":{},"nome":"Resposta","data":"2021-07-05","autor":"Sec Mun de Obras, Servi\u00e7os P\u00fablicos e Meio Ambiente","ementa":"","indexacao":"","arquivo":"http://sapl.castro.pr.leg.br/media/sapl/public/documentoacessorio/2021/6280/of.062-2021_resp_ver_jhonnathan_flugel_ind._69-2021.pdf","data_ultima_atualizacao":"2021-07-05T14:55:07.594469-03:00","materia":5026,"tipo":4}