{"id":7041,"__str__":"Of\u00edcio - Resposta de 09/09/2021 por Diretoria de Seguran\u00e7a P\u00fablica.","link_detail_backend":"/materia/documentoacessorio/7041","metadata":{},"nome":"Resposta","data":"2021-09-09","autor":"Diretoria de Seguran\u00e7a P\u00fablica.","ementa":"","indexacao":"","arquivo":"http://sapl.castro.pr.leg.br/media/sapl/public/documentoacessorio/2021/7041/of.029-2021_resp_ver_jhonnathan_flugel_ind._211-2021.pdf","data_ultima_atualizacao":"2021-09-09T15:56:03.770074-03:00","materia":5925,"tipo":4}