{"id":8032,"__str__":"Of\u00edcio - Resposta de 24/02/2023 por Secretaria Municipal de Educa\u00e7\u00e3o","link_detail_backend":"/materia/documentoacessorio/8032","metadata":{},"nome":"Resposta","data":"2023-02-24","autor":"Secretaria Municipal de Educa\u00e7\u00e3o","ementa":"","indexacao":"","arquivo":"http://sapl.castro.pr.leg.br/media/sapl/public/documentoacessorio/2023/8032/of_31_resp_req_12_vers_prof_j_gerson_guto_jovenil_zeca_ze_nocera_j_flugel_e_joel_fadel.pdf","data_ultima_atualizacao":"2023-02-24T15:51:14.791801-03:00","materia":6937,"tipo":4}