{"id":3255,"__str__":"Projeto de Lei Ordin\u00e1ria n\u00ba 99 de 2019","link_detail_backend":"/materia/3255","metadata":{},"numero":99,"ano":2019,"numero_protocolo":248,"data_apresentacao":"2019-09-06","tipo_apresentacao":"E","data_publicacao":null,"numero_origem_externa":"","ano_origem_externa":null,"data_origem_externa":null,"apelido":"","dias_prazo":null,"data_fim_prazo":null,"em_tramitacao":false,"polemica":null,"objeto":"","complementar":null,"ementa":"D\u00e1 o nome de Miraita Gomes Dallarmi, a rua na Localidade de Africanos e Lavrinha, \u00e1rea urbana no Munic\u00edpio de Castro.","indexacao":"nome; Miraita; Gomes; Dallarmi; rua; Localidade; Africanos; Lavrinha; \u00e1rea; urbana;","observacao":"","resultado":"","texto_original":"http://sapl.castro.pr.leg.br/media/sapl/public/materialegislativa/2019/3255/projeto_de_lei_99-2019_vNSck8l.pdf","data_ultima_atualizacao":"2022-08-18T12:02:52.189522-03:00","ip":"45.4.106.37","ultima_edicao":"2020-09-18T13:59:47.635627-03:00","tipo":1,"regime_tramitacao":1,"tipo_origem_externa":null,"local_origem_externa":null,"user":44,"anexadas":[],"autores":[47]}