{"id":3649,"__str__":"Projeto de Decreto Legislativo n\u00ba 8 de 2020","link_detail_backend":"/materia/3649","metadata":{},"numero":8,"ano":2020,"numero_protocolo":null,"data_apresentacao":"2020-03-23","tipo_apresentacao":"E","data_publicacao":null,"numero_origem_externa":"","ano_origem_externa":null,"data_origem_externa":null,"apelido":"","dias_prazo":null,"data_fim_prazo":null,"em_tramitacao":false,"polemica":null,"objeto":"","complementar":null,"ementa":"Referenda Termo de Colabora\u00e7\u00e3o n\u00ba 06/2020, firmado entre o Munic\u00edpio de Castro, por interm\u00e9dio da Secretaria Municipal de Fam\u00edlia e Desenvolvimento Social e a OSC  Associa\u00e7\u00e3o de Pais e Amigos dos Excepcionais \u2013 APAE.","indexacao":"termo; colabora\u00e7\u00e3o; OSC; Associa\u00e7\u00e3o; Pais; Amigos; Excepcionais; APAE","observacao":"","resultado":"","texto_original":"http://sapl.castro.pr.leg.br/media/sapl/public/materialegislativa/2020/3649/projeto_de_decreto_legislativo_08-2020.pdf","data_ultima_atualizacao":"2022-08-18T15:46:14.545233-03:00","ip":"179.154.32.88","ultima_edicao":"2020-04-28T21:18:21.576147-03:00","tipo":6,"regime_tramitacao":2,"tipo_origem_externa":null,"local_origem_externa":null,"user":33,"anexadas":[],"autores":[42]}