{"id":4732,"__str__":"Requerimento n\u00ba 281 de 2020","link_detail_backend":"/materia/4732","metadata":{},"numero":281,"ano":2020,"numero_protocolo":null,"data_apresentacao":"2020-12-07","tipo_apresentacao":"E","data_publicacao":null,"numero_origem_externa":"","ano_origem_externa":null,"data_origem_externa":null,"apelido":"","dias_prazo":null,"data_fim_prazo":null,"em_tramitacao":false,"polemica":false,"objeto":"","complementar":false,"ementa":"Requer ao Prefeito Municipal informa\u00e7\u00f5es quanto \u00e0 possibilidade de desenvolvimento de \"Projeto para confec\u00e7\u00e3o e distribui\u00e7\u00e3o de fraldas descart\u00e1veis aos idosos e portadores de necessidades especiais\", no \u00e2mbito do Munic\u00edpio, reiterando o Requerimento 100/2020.","indexacao":"desenvolvimento; Projeto; confec\u00e7\u00e3o; distribui\u00e7\u00e3o; fraldas; descart\u00e1veis; idosos; portadores; necessidades; especiais; \u00e2mbito; Munic\u00edpio; reiterando; Requerimento; 100/2020;","observacao":"","resultado":"","texto_original":"http://sapl.castro.pr.leg.br/media/sapl/public/materialegislativa/2020/4732/requerimento_281-2020.pdf","data_ultima_atualizacao":"2020-12-01T15:05:17.496523-03:00","ip":"45.71.227.226","ultima_edicao":"2020-12-01T15:01:46.879269-03:00","tipo":3,"regime_tramitacao":1,"tipo_origem_externa":null,"local_origem_externa":null,"user":44,"anexadas":[],"autores":[32]}