{"id":497,"__str__":"Requerimento n\u00ba 168 de 2015","link_detail_backend":"/materia/497","metadata":{},"numero":168,"ano":2015,"numero_protocolo":null,"data_apresentacao":"2015-10-27","tipo_apresentacao":"","data_publicacao":null,"numero_origem_externa":"","ano_origem_externa":null,"data_origem_externa":null,"apelido":"","dias_prazo":null,"data_fim_prazo":null,"em_tramitacao":false,"polemica":null,"objeto":"","complementar":null,"ementa":"REQUER SEJA OFICIADO \u00c0 COPEL (COMPANHIA DE ENERGIA EL\u00c9TRICA DO PARAN\u00c1), SOLICITANDO INFORMA\u00c7\u00d5ES QUANTO \u00c0 FALTA DE ENERGIA EL\u00c9TRICA NOS BAIRROS JARDIM DOS BANC\u00c1RIOS, JARDIM BAILLY E DAS NA\u00c7\u00d5ES. ","indexacao":"FALTA, ENERGIA, BAIRROS, BANC\u00c1RIOS, BAILLY, NA\u00c7\u00d5ES","observacao":"","resultado":"","texto_original":"http://sapl.castro.pr.leg.br/media/sapl/public/materialegislativa/2015/497/497_texto_integral.pdf","data_ultima_atualizacao":"2018-09-29T11:04:09.664866-03:00","ip":"","ultima_edicao":null,"tipo":3,"regime_tramitacao":1,"tipo_origem_externa":null,"local_origem_externa":null,"user":null,"anexadas":[],"autores":[34]}