{"id":5317,"__str__":"Projeto de Lei Ordin\u00e1ria n\u00ba 79 de 2009","link_detail_backend":"/materia/5317","metadata":{},"numero":79,"ano":2009,"numero_protocolo":null,"data_apresentacao":"2009-08-12","tipo_apresentacao":"","data_publicacao":null,"numero_origem_externa":"","ano_origem_externa":null,"data_origem_externa":null,"apelido":"","dias_prazo":null,"data_fim_prazo":null,"em_tramitacao":false,"polemica":false,"objeto":"","complementar":false,"ementa":"Institui o \u201cDia do Evang\u00e9lico\u201d no Munic\u00edpio de Castro e d\u00e1 outras provid\u00eancias.","indexacao":"Institui; Dia; Evang\u00e9lico; Munic\u00edpio; Castro;","observacao":"","resultado":"","texto_original":"http://sapl.castro.pr.leg.br/media/sapl/public/materialegislativa/2009/5317/projeto_de_lei_79-2009.pdf","data_ultima_atualizacao":"2021-06-10T13:47:25.780519-03:00","ip":"200.5.36.67","ultima_edicao":"2021-06-10T13:46:12.089922-03:00","tipo":1,"regime_tramitacao":1,"tipo_origem_externa":null,"local_origem_externa":null,"user":44,"anexadas":[],"autores":[]}