{"id":6175,"__str__":"Indica\u00e7\u00e3o n\u00ba 296 de 2021","link_detail_backend":"/materia/6175","metadata":{},"numero":296,"ano":2021,"numero_protocolo":702,"data_apresentacao":"2021-12-01","tipo_apresentacao":"","data_publicacao":null,"numero_origem_externa":"","ano_origem_externa":null,"data_origem_externa":null,"apelido":"","dias_prazo":null,"data_fim_prazo":null,"em_tramitacao":false,"polemica":false,"objeto":"","complementar":false,"ementa":"Indica a necessidade da revitaliza\u00e7\u00e3o da pra\u00e7a e cancha de areia,localizada na Rua Jo\u00e3o Carvalho de Macedo esquina com a Rua Odiles Petreski.","indexacao":"revitaliza\u00e7\u00e3o, da, pra\u00e7a, e, cancha, de, areia, localizada, na, Rua, Jo\u00e3o, Carvalho, de, Macedo, esquina, com, a, Rua, Odiles, Petreski","observacao":"","resultado":"","texto_original":"http://sapl.castro.pr.leg.br/media/sapl/public/materialegislativa/2021/6175/indicacao_296-2021.pdf","data_ultima_atualizacao":"2021-11-12T14:47:07.444374-03:00","ip":"200.5.36.47","ultima_edicao":"2021-11-12T14:47:07.347475-03:00","tipo":8,"regime_tramitacao":1,"tipo_origem_externa":null,"local_origem_externa":null,"user":43,"anexadas":[],"autores":[52]}