{"id":9037,"__str__":"Requerimento n\u00ba 257 de 2025","link_detail_backend":"/materia/9037","metadata":{},"numero":257,"ano":2025,"numero_protocolo":528,"data_apresentacao":"2025-05-21","tipo_apresentacao":"","data_publicacao":null,"numero_origem_externa":"","ano_origem_externa":null,"data_origem_externa":null,"apelido":"","dias_prazo":null,"data_fim_prazo":null,"em_tramitacao":false,"polemica":false,"objeto":"","complementar":false,"ementa":"Requer ao Prefeito Municipal informa\u00e7\u00f5es quanto \u00e0 possibilidade da elabora\u00e7\u00e3o de estudos sobre a cria\u00e7\u00e3o e execu\u00e7\u00e3o de um programa relativo \u00e0 seguran\u00e7a nos bairros, com a utiliza\u00e7\u00e3o de uma base m\u00f3vel e efetivo da Guarda Municipal, estabelecendo-se, de forma tempor\u00e1ria e alternada na \u00e1rea urbana e rural do munic\u00edpio de Castro\u2013PR, preferencialmente nas proximidades de escolas e CMEIs desta Cidade.","indexacao":"Requer ao Prefeito Municipal informa\u00e7\u00f5es quanto \u00e0 possibilidade da elabora\u00e7\u00e3o de estudos sobre a cria\u00e7\u00e3o e execu\u00e7\u00e3o de um programa relativo \u00e0 seguran\u00e7a nos bairros, com a utiliza\u00e7\u00e3o de uma base m\u00f3vel e efetivo da Guarda Municipal, estabelecendo-se, de forma tempor\u00e1ria e alternada na \u00e1rea urbana e rural do munic\u00edpio de Castro\u2013PR, preferencialmente nas proximidades de escolas e CMEIs desta Cidade.","observacao":"","resultado":"","texto_original":"http://sapl.castro.pr.leg.br/media/sapl/public/materialegislativa/2025/9037/requerimento_257-2025.pdf","data_ultima_atualizacao":"2025-05-20T16:33:29.633404-03:00","ip":"179.189.26.169","ultima_edicao":"2025-05-20T16:33:29.342235-03:00","tipo":3,"regime_tramitacao":1,"tipo_origem_externa":null,"local_origem_externa":null,"user":48,"anexadas":[],"autores":[59]}