{"id":2359,"__str__":"Projeto de Lei Ordin\u00e1ria n\u00ba 143 de 2018 | Solicita\u00e7\u00e3o de vistas por Parlamentar | 04/12/2019","link_detail_backend":"/materia/tramitacao/2359","metadata":{},"timestamp":"2019-12-06T15:51:15.072521-03:00","data_tramitacao":"2019-12-04","data_encaminhamento":null,"urgente":false,"turno":"P","texto":"O Vereador Maur\u00edcio solicitou vistas desta proposi\u00e7\u00e3o na Sess\u00e3o Ordin\u00e1ria de 04.12.2019, pedido que foi acatado pela Presidente, concedendo ao Vereador solicitante o prazo para an\u00e1lise desta mat\u00e9ria at\u00e9 o dia da pr\u00f3xima Sess\u00e3o Ordin\u00e1ria que ocorrer\u00e1 em 09.12.2019.","data_fim_prazo":null,"ip":"45.71.227.226","ultima_edicao":null,"status":53,"materia":2600,"unidade_tramitacao_local":13,"unidade_tramitacao_destino":24,"user":31}