{"id":3725,"__str__":"Projeto de Lei Complementar n\u00ba 2 de 2018 | Adiada discuss\u00e3o e vota\u00e7\u00e3o. | 20/08/2018","link_detail_backend":"/materia/tramitacao/3725","metadata":{},"timestamp":"2021-05-11T15:04:47.116645-03:00","data_tramitacao":"2018-08-20","data_encaminhamento":null,"urgente":false,"turno":"","texto":"Of\u00edcio n\u00ba 489/2018 em resposta aos questionamentos da Comiss\u00e3o Permanente de Constitui\u00e7\u00e3o e Justi\u00e7a.","data_fim_prazo":null,"ip":"200.5.36.67","ultima_edicao":"2021-05-11T15:02:40.553284-03:00","status":48,"materia":2304,"unidade_tramitacao_local":13,"unidade_tramitacao_destino":9,"user":33}