{"id":7343,"__str__":"Projeto de Lei Ordin\u00e1ria n\u00ba 3 de 2025 | Proposi\u00e7\u00e3o transformada em lei | 28/02/2025","link_detail_backend":"/materia/tramitacao/7343","metadata":{},"timestamp":"2025-03-06T14:16:30.166207-03:00","data_tramitacao":"2025-02-28","data_encaminhamento":null,"urgente":false,"turno":"","texto":"Parecer da Comiss\u00e3o da Constitui\u00e7\u00e3o e Justi\u00e7a solicitando que seja adiada a vota\u00e7\u00e3o, foi deliberado pelo Plen\u00e1rio, e rejeitado por 7votos a 4votos. Colocado em discuss\u00e3o e vota\u00e7\u00e3o \u00fanica,  o Projeto de lei foi aprovado por 8 votos favor\u00e1veis e  3 contr\u00e1rios (Vereadores Paulo Roberto Nocera Junior, Jhonnathan de Sousa Flugel e Pedro Jaremczuk). (Nesta Sess\u00e3o Ordin\u00e1ria aus\u00eancia da Vereadora Fatima Castro, demais Vereadores todos presentes). Em 27/02/2025 encaminhado para san\u00e7\u00e3o. Projeto de lei sancionado em 27/02/2025 como Lei Municipal n\u00ba 4.174/2025 e publicado na mesma data  no Di\u00e1rio Oficial Eletr\u00f4nico n\u00ba 3106. Em 28/02/2025 projeto de lei foi ARQUIVADO.","data_fim_prazo":null,"ip":"179.189.26.169","ultima_edicao":"2025-04-25T10:13:47.517621-03:00","status":18,"materia":8508,"unidade_tramitacao_local":9,"unidade_tramitacao_destino":8,"user":33}